{"id":2880,"date":"2024-04-30T12:30:00","date_gmt":"2024-04-30T12:30:00","guid":{"rendered":"https:\/\/spacecampvalencia.es\/?p=2880"},"modified":"2025-01-20T17:49:47","modified_gmt":"2025-01-20T17:49:47","slug":"teika-se-une-a-space-camp-valencia","status":"publish","type":"post","link":"https:\/\/spacecampvalencia.es\/en\/teika-se-une-a-space-camp-valencia","title":{"rendered":"Teika joins Space Camp Valencia"},"content":{"rendered":"<p>In an exciting breakthrough for education, science and technology careers, <strong><a href=\"https:\/\/teika.es\/\">Teika<\/a><\/strong>, the innovative vending company headed by <strong>Berti Barber<\/strong> and <strong>Nicolas Barber<\/strong>, both founders of the brand, has announced its partnership with <strong><a href=\"https:\/\/spacecampvalencia.es\/en\/\">Space Camp Valencia<\/a><\/strong>, directed by <strong>Dr. Raquel Ib\u00e1\u00f1ez Peral<\/strong>. The main objective of this collaboration is to facilitate access to space camp for young people from disadvantaged backgrounds, especially girls, enabling them to dream and work towards future careers in space.<\/p>\n\n\n\n<figure class=\"wp-block-image size-large\"><img fetchpriority=\"high\" decoding=\"async\" width=\"2560\" height=\"1440\" src=\"https:\/\/spacecampvalencia.es\/wp-content\/uploads\/2024\/05\/FirmaTeika-edited-1-scaled.jpg\" alt=\"\" class=\"wp-image-2943\" srcset=\"https:\/\/spacecampvalencia.es\/wp-content\/uploads\/2024\/05\/FirmaTeika-edited-1-scaled.jpg 2560w, https:\/\/spacecampvalencia.es\/wp-content\/uploads\/2024\/05\/FirmaTeika-edited-1-300x169.jpg 300w, https:\/\/spacecampvalencia.es\/wp-content\/uploads\/2024\/05\/FirmaTeika-edited-1-1024x576.jpg 1024w, https:\/\/spacecampvalencia.es\/wp-content\/uploads\/2024\/05\/FirmaTeika-edited-1-768x432.jpg 768w, https:\/\/spacecampvalencia.es\/wp-content\/uploads\/2024\/05\/FirmaTeika-edited-1-1536x864.jpg 1536w, https:\/\/spacecampvalencia.es\/wp-content\/uploads\/2024\/05\/FirmaTeika-edited-1-2048x1152.jpg 2048w, https:\/\/spacecampvalencia.es\/wp-content\/uploads\/2024\/05\/FirmaTeika-edited-1-18x10.jpg 18w, https:\/\/spacecampvalencia.es\/wp-content\/uploads\/2024\/05\/FirmaTeika-edited-1-600x338.jpg 600w\" sizes=\"(max-width: 2560px) 100vw, 2560px\" \/><\/figure>\n\n\n\n<p>Space Camp Valencia, recognized for its enriching and practical educational approach in the training of future astronauts, offers young people from 10 to 17 years old a unique experience ranging from piloting aircraft to performing virtual reality missions that simulate life on the International Space Station. With Teika's support, more students will have the opportunity to immerse themselves in this fascinating world, thus promoting diversity and inclusion in the field of science and technology.<\/p>\n\n\n\n<p>The signing of the agreement took place at <strong><a href=\"https:\/\/www.lasnaves.com\/\">Las Naves<\/a><\/strong>, the innovation center of the Valencia City Council, with <strong>Anna Melchor<\/strong>, the company's technical R+D+i, as a representative. Las Naves is a key collaborator of Space Camp Valencia, which hosts part of the activities that will be carried out during the summer with future astronauts. The agreement of both Teika and Las Naves underlines the commitment of both organizations to the advancement and accessibility of technology and education to all families, regardless of their background and economic capacity.<\/p>\n\n\n\n<p>Berti Barber, co-founder of <strong><a href=\"https:\/\/teika.es\/\">Teika<\/a><\/strong>, highlighted: \"<em>We believe in the power of education and the responsibility to support young people of all backgrounds, and in Teika's case, we put special effort into girls. Our partnership with Space Camp Valencia is a natural step in our effort to make a real difference in the community.<\/em>\"<\/p>\n\n\n\n<p>This collaboration will allow future generations to enjoy full scholarships and easier access to quality science and technology education. With initiatives like these, Teika and Space Camp Valencia are making a difference, inspiring the next generation of science and technology leaders with the support they need to reach for the stars.<\/p>\n\n\n\n<figure class=\"wp-block-image aligncenter size-full\"><a href=\"https:\/\/teika.es\/\"><img decoding=\"async\" width=\"245\" height=\"140\" src=\"https:\/\/spacecampvalencia.es\/wp-content\/uploads\/2024\/04\/Teika_Verde.png\" alt=\"\" class=\"wp-image-2610\" srcset=\"https:\/\/spacecampvalencia.es\/wp-content\/uploads\/2024\/04\/Teika_Verde.png 245w, https:\/\/spacecampvalencia.es\/wp-content\/uploads\/2024\/04\/Teika_Verde-18x10.png 18w\" sizes=\"(max-width: 245px) 100vw, 245px\" \/><\/a><\/figure>","protected":false},"excerpt":{"rendered":"<p>En un emocionante avance para la educaci\u00f3n y a las carreras cient\u00edfico-tecnol\u00f3gicas, Teika, la innovadora empresa de vending liderada por Berti Barber y Nicol\u00e1s Barber, ambos fundadores de la marca, ha anunciado su asociaci\u00f3n con Space Camp Valencia, dirigido por la Dra. Raquel Ib\u00e1\u00f1ez Peral. Esta colaboraci\u00f3n tiene como objetivo principal facilitar el acceso al [&hellip;]<\/p>\n","protected":false},"author":1,"featured_media":2904,"comment_status":"closed","ping_status":"open","sticky":false,"template":"","format":"standard","meta":{"_seopress_robots_primary_cat":"none","_seopress_titles_title":"","_seopress_titles_desc":"","_seopress_robots_index":"","footnotes":""},"categories":[102],"tags":[48,45,47,43,46],"class_list":["post-2880","post","type-post","status-publish","format-standard","has-post-thumbnail","hentry","category-visita","tag-acuerdo","tag-firma","tag-las-naves","tag-noticia","tag-teika"],"_links":{"self":[{"href":"https:\/\/spacecampvalencia.es\/en\/wp-json\/wp\/v2\/posts\/2880","targetHints":{"allow":["GET"]}}],"collection":[{"href":"https:\/\/spacecampvalencia.es\/en\/wp-json\/wp\/v2\/posts"}],"about":[{"href":"https:\/\/spacecampvalencia.es\/en\/wp-json\/wp\/v2\/types\/post"}],"author":[{"embeddable":true,"href":"https:\/\/spacecampvalencia.es\/en\/wp-json\/wp\/v2\/users\/1"}],"replies":[{"embeddable":true,"href":"https:\/\/spacecampvalencia.es\/en\/wp-json\/wp\/v2\/comments?post=2880"}],"version-history":[{"count":28,"href":"https:\/\/spacecampvalencia.es\/en\/wp-json\/wp\/v2\/posts\/2880\/revisions"}],"predecessor-version":[{"id":3014,"href":"https:\/\/spacecampvalencia.es\/en\/wp-json\/wp\/v2\/posts\/2880\/revisions\/3014"}],"wp:featuredmedia":[{"embeddable":true,"href":"https:\/\/spacecampvalencia.es\/en\/wp-json\/wp\/v2\/media\/2904"}],"wp:attachment":[{"href":"https:\/\/spacecampvalencia.es\/en\/wp-json\/wp\/v2\/media?parent=2880"}],"wp:term":[{"taxonomy":"category","embeddable":true,"href":"https:\/\/spacecampvalencia.es\/en\/wp-json\/wp\/v2\/categories?post=2880"},{"taxonomy":"post_tag","embeddable":true,"href":"https:\/\/spacecampvalencia.es\/en\/wp-json\/wp\/v2\/tags?post=2880"}],"curies":[{"name":"wp","href":"https:\/\/api.w.org\/{rel}","templated":true}]}}